{"id":692,"date":"2021-01-14T16:20:00","date_gmt":"2021-01-14T14:20:00","guid":{"rendered":"http:\/\/www.foerderkreis-cvo.de\/?p=692"},"modified":"2021-01-28T16:36:44","modified_gmt":"2021-01-28T14:36:44","slug":"wir-trauern-um-klaus-arnold","status":"publish","type":"post","link":"https:\/\/www.foerderkreis-cvo.de\/?p=692","title":{"rendered":"Wir trauern um Klaus Arnold"},"content":{"rendered":"\n<p>Auch den F\u00f6rderkreis hat die <a href=\"https:\/\/www.wiesbadener-kurier.de\/lokales\/wiesbaden\/nachrichten-wiesbaden\/wiesbadener-lehrer-klaus-arnold-gestorben_22950059\" target=\"_blank\" rel=\"noreferrer noopener\">Nachricht \u00fcber den Tod von Klaus Arnold<\/a>  traurig gestimmt. Neben seinem Engagement f\u00fcr die Schule war er viele Jahre als Kassierer im F\u00f6rderkreis t\u00e4tig. Nicht nur deshalb werden wir Herrn Arnold in guter Erinnerung behalten.<\/p>\n\n\n\n<figure class=\"wp-block-image size-large is-resized\"><img loading=\"lazy\" decoding=\"async\" src=\"http:\/\/www.foerderkreis-cvo.de\/wp-content\/uploads\/Kerze.jpg\" alt=\"\" class=\"wp-image-693\" width=\"480\" height=\"318\" srcset=\"https:\/\/www.foerderkreis-cvo.de\/wp-content\/uploads\/Kerze.jpg 960w, https:\/\/www.foerderkreis-cvo.de\/wp-content\/uploads\/Kerze-300x198.jpg 300w, https:\/\/www.foerderkreis-cvo.de\/wp-content\/uploads\/Kerze-768x508.jpg 768w\" sizes=\"auto, (max-width: 480px) 100vw, 480px\" \/><\/figure>\n","protected":false},"excerpt":{"rendered":"<p>Auch den F\u00f6rderkreis hat die Nachricht \u00fcber den Tod von Klaus Arnold traurig gestimmt. Neben seinem Engagement f\u00fcr die Schule war er viele Jahre als Kassierer im F\u00f6rderkreis t\u00e4tig. Nicht nur deshalb werden wir Herrn Arnold in guter Erinnerung behalten.<\/p>\n","protected":false},"author":1,"featured_media":0,"comment_status":"open","ping_status":"open","sticky":false,"template":"","format":"standard","meta":{"footnotes":""},"categories":[1],"tags":[],"class_list":["post-692","post","type-post","status-publish","format-standard","hentry","category-allgemein"],"_links":{"self":[{"href":"https:\/\/www.foerderkreis-cvo.de\/index.php?rest_route=\/wp\/v2\/posts\/692","targetHints":{"allow":["GET"]}}],"collection":[{"href":"https:\/\/www.foerderkreis-cvo.de\/index.php?rest_route=\/wp\/v2\/posts"}],"about":[{"href":"https:\/\/www.foerderkreis-cvo.de\/index.php?rest_route=\/wp\/v2\/types\/post"}],"author":[{"embeddable":true,"href":"https:\/\/www.foerderkreis-cvo.de\/index.php?rest_route=\/wp\/v2\/users\/1"}],"replies":[{"embeddable":true,"href":"https:\/\/www.foerderkreis-cvo.de\/index.php?rest_route=%2Fwp%2Fv2%2Fcomments&post=692"}],"version-history":[{"count":4,"href":"https:\/\/www.foerderkreis-cvo.de\/index.php?rest_route=\/wp\/v2\/posts\/692\/revisions"}],"predecessor-version":[{"id":697,"href":"https:\/\/www.foerderkreis-cvo.de\/index.php?rest_route=\/wp\/v2\/posts\/692\/revisions\/697"}],"wp:attachment":[{"href":"https:\/\/www.foerderkreis-cvo.de\/index.php?rest_route=%2Fwp%2Fv2%2Fmedia&parent=692"}],"wp:term":[{"taxonomy":"category","embeddable":true,"href":"https:\/\/www.foerderkreis-cvo.de\/index.php?rest_route=%2Fwp%2Fv2%2Fcategories&post=692"},{"taxonomy":"post_tag","embeddable":true,"href":"https:\/\/www.foerderkreis-cvo.de\/index.php?rest_route=%2Fwp%2Fv2%2Ftags&post=692"}],"curies":[{"name":"wp","href":"https:\/\/api.w.org\/{rel}","templated":true}]}}