{"id":641,"date":"2019-06-25T22:18:37","date_gmt":"2019-06-25T20:18:37","guid":{"rendered":"http:\/\/www.foerderkreis-cvo.de\/?p=641"},"modified":"2019-09-26T16:07:20","modified_gmt":"2019-09-26T14:07:20","slug":"abiball-2019","status":"publish","type":"post","link":"https:\/\/www.foerderkreis-cvo.de\/?p=641","title":{"rendered":"Abiball 2019"},"content":{"rendered":"\n<p>Auch in diesem Jahr hat der F\u00f6rderkreis mit Unterschrift und teilweisem Vorstrecken der Kaution den Ball der diesj\u00e4hrigen Abiturienten unterst\u00fctzt. Thomas Rohloff war am 19. Juni in Hattersheim als Vertreter des F\u00f6rderkreis vor Ort und gratulierte den anwesenden Sch\u00fclern.<\/p>\n\n\n\n<figure class=\"wp-block-image\"><img loading=\"lazy\" decoding=\"async\" width=\"1024\" height=\"902\" src=\"http:\/\/www.foerderkreis-cvo.de\/wp-content\/uploads\/190619-Abiball-Thomas-Rohloff-Niko-Lamprecht-1024x902.jpg\" alt=\"\" class=\"wp-image-642\" srcset=\"https:\/\/www.foerderkreis-cvo.de\/wp-content\/uploads\/190619-Abiball-Thomas-Rohloff-Niko-Lamprecht-1024x902.jpg 1024w, https:\/\/www.foerderkreis-cvo.de\/wp-content\/uploads\/190619-Abiball-Thomas-Rohloff-Niko-Lamprecht-300x264.jpg 300w, https:\/\/www.foerderkreis-cvo.de\/wp-content\/uploads\/190619-Abiball-Thomas-Rohloff-Niko-Lamprecht-768x676.jpg 768w\" sizes=\"auto, (max-width: 1024px) 100vw, 1024px\" \/><\/figure>\n","protected":false},"excerpt":{"rendered":"<p>Auch in diesem Jahr hat der F\u00f6rderkreis mit Unterschrift und teilweisem Vorstrecken der Kaution den Ball der diesj\u00e4hrigen Abiturienten unterst\u00fctzt. Thomas Rohloff war am 19. Juni in Hattersheim als Vertreter des F\u00f6rderkreis vor Ort und gratulierte den anwesenden Sch\u00fclern.<\/p>\n","protected":false},"author":1,"featured_media":0,"comment_status":"open","ping_status":"open","sticky":false,"template":"","format":"standard","meta":{"footnotes":""},"categories":[1],"tags":[],"class_list":["post-641","post","type-post","status-publish","format-standard","hentry","category-allgemein"],"_links":{"self":[{"href":"https:\/\/www.foerderkreis-cvo.de\/index.php?rest_route=\/wp\/v2\/posts\/641","targetHints":{"allow":["GET"]}}],"collection":[{"href":"https:\/\/www.foerderkreis-cvo.de\/index.php?rest_route=\/wp\/v2\/posts"}],"about":[{"href":"https:\/\/www.foerderkreis-cvo.de\/index.php?rest_route=\/wp\/v2\/types\/post"}],"author":[{"embeddable":true,"href":"https:\/\/www.foerderkreis-cvo.de\/index.php?rest_route=\/wp\/v2\/users\/1"}],"replies":[{"embeddable":true,"href":"https:\/\/www.foerderkreis-cvo.de\/index.php?rest_route=%2Fwp%2Fv2%2Fcomments&post=641"}],"version-history":[{"count":3,"href":"https:\/\/www.foerderkreis-cvo.de\/index.php?rest_route=\/wp\/v2\/posts\/641\/revisions"}],"predecessor-version":[{"id":649,"href":"https:\/\/www.foerderkreis-cvo.de\/index.php?rest_route=\/wp\/v2\/posts\/641\/revisions\/649"}],"wp:attachment":[{"href":"https:\/\/www.foerderkreis-cvo.de\/index.php?rest_route=%2Fwp%2Fv2%2Fmedia&parent=641"}],"wp:term":[{"taxonomy":"category","embeddable":true,"href":"https:\/\/www.foerderkreis-cvo.de\/index.php?rest_route=%2Fwp%2Fv2%2Fcategories&post=641"},{"taxonomy":"post_tag","embeddable":true,"href":"https:\/\/www.foerderkreis-cvo.de\/index.php?rest_route=%2Fwp%2Fv2%2Ftags&post=641"}],"curies":[{"name":"wp","href":"https:\/\/api.w.org\/{rel}","templated":true}]}}