{"id":638,"date":"2019-03-01T22:11:39","date_gmt":"2019-03-01T20:11:39","guid":{"rendered":"http:\/\/www.foerderkreis-cvo.de\/?p=638"},"modified":"2019-06-25T22:16:09","modified_gmt":"2019-06-25T20:16:09","slug":"jhv-2019","status":"publish","type":"post","link":"https:\/\/www.foerderkreis-cvo.de\/?p=638","title":{"rendered":"JHV 2019"},"content":{"rendered":"\n<p>Die Jahreshauptversammlung 2019 fand am 19. Februar in der Bibliothek der Schule statt. <\/p>\n\n\n\n<p>Wolfgang Tschuck legte seinen Posten als zweiter Vositzender nieder, bleibt dem F\u00f6rderkreis aber als Schriftf\u00fchrer erhalten. Wir bedanken uns bei unserem fr\u00fcheren Schriftf\u00fchrer Herbert Petera f\u00fcr jahrelange, gute und gewissenhafte Arbeit f\u00fcr den F\u00f6rderkreis.<\/p>\n\n\n\n<p>Neuer zweiter Vorsitzender ist Thomas Rohloff, ehemals im Schulelternbeirat t\u00e4tig m\u00f6chte er mit seiner Arbeit im F\u00f6rderkreis auch nach dem Abitur seines Sohnes der Schule verbunden bleiben. <\/p>\n\n\n\n<p>Wir freuen uns auf die zuk\u00fcnftige Zusammenarbeit!<\/p>\n","protected":false},"excerpt":{"rendered":"<p>Die Jahreshauptversammlung 2019 fand am 19. Februar in der Bibliothek der Schule statt. Wolfgang Tschuck legte seinen Posten als zweiter Vositzender nieder, bleibt dem F\u00f6rderkreis aber als Schriftf\u00fchrer erhalten. Wir bedanken uns bei unserem fr\u00fcheren Schriftf\u00fchrer Herbert Petera f\u00fcr jahrelange, &hellip; <a href=\"https:\/\/www.foerderkreis-cvo.de\/?p=638\">Weiterlesen <span class=\"meta-nav\">&rarr;<\/span><\/a><\/p>\n","protected":false},"author":1,"featured_media":0,"comment_status":"open","ping_status":"open","sticky":false,"template":"","format":"standard","meta":{"footnotes":""},"categories":[1],"tags":[],"class_list":["post-638","post","type-post","status-publish","format-standard","hentry","category-allgemein"],"_links":{"self":[{"href":"https:\/\/www.foerderkreis-cvo.de\/index.php?rest_route=\/wp\/v2\/posts\/638","targetHints":{"allow":["GET"]}}],"collection":[{"href":"https:\/\/www.foerderkreis-cvo.de\/index.php?rest_route=\/wp\/v2\/posts"}],"about":[{"href":"https:\/\/www.foerderkreis-cvo.de\/index.php?rest_route=\/wp\/v2\/types\/post"}],"author":[{"embeddable":true,"href":"https:\/\/www.foerderkreis-cvo.de\/index.php?rest_route=\/wp\/v2\/users\/1"}],"replies":[{"embeddable":true,"href":"https:\/\/www.foerderkreis-cvo.de\/index.php?rest_route=%2Fwp%2Fv2%2Fcomments&post=638"}],"version-history":[{"count":2,"href":"https:\/\/www.foerderkreis-cvo.de\/index.php?rest_route=\/wp\/v2\/posts\/638\/revisions"}],"predecessor-version":[{"id":640,"href":"https:\/\/www.foerderkreis-cvo.de\/index.php?rest_route=\/wp\/v2\/posts\/638\/revisions\/640"}],"wp:attachment":[{"href":"https:\/\/www.foerderkreis-cvo.de\/index.php?rest_route=%2Fwp%2Fv2%2Fmedia&parent=638"}],"wp:term":[{"taxonomy":"category","embeddable":true,"href":"https:\/\/www.foerderkreis-cvo.de\/index.php?rest_route=%2Fwp%2Fv2%2Fcategories&post=638"},{"taxonomy":"post_tag","embeddable":true,"href":"https:\/\/www.foerderkreis-cvo.de\/index.php?rest_route=%2Fwp%2Fv2%2Ftags&post=638"}],"curies":[{"name":"wp","href":"https:\/\/api.w.org\/{rel}","templated":true}]}}