{"id":411,"date":"2016-02-25T20:32:02","date_gmt":"2016-02-25T18:32:02","guid":{"rendered":"http:\/\/www.foerderkreis-cvo.de\/?p=411"},"modified":"2016-02-26T00:06:14","modified_gmt":"2016-02-25T22:06:14","slug":"unsere-spendenbox","status":"publish","type":"post","link":"https:\/\/www.foerderkreis-cvo.de\/?p=411","title":{"rendered":"Unsere Spendenbox"},"content":{"rendered":"<p style=\"text-align: left;\"><a href=\"http:\/\/www.foerderkreis-cvo.de\/wp-content\/uploads\/spendenbox-1-e1456436941909.jpg\" rel=\"attachment wp-att-420\"><img loading=\"lazy\" decoding=\"async\" class=\"alignleft wp-image-420 size-medium\" src=\"http:\/\/www.foerderkreis-cvo.de\/wp-content\/uploads\/spendenbox-1-300x225.jpg\" alt=\"spendenbox-1\" width=\"300\" height=\"225\" \/><\/a>Auf der diesj\u00e4hrigen Jahreshauptversammlung wurde sie vorgestellt: Die Spendenbox der CvO! F\u00fcr Geburtstage, Feiern und andere Veranstaltungen.<\/p>\n<p>Die Boxen sind mit einem kleinen Vorh\u00e4ngeschloss gesichert und k\u00f6nnen ebenfalls mit Vorh\u00e4ngeschloss angebunden werden.<\/p>\n<p>Die Einnahmen werden \u00fcber den F\u00f6rderkreis f\u00fcr die Schule verwendet. Wir hoffen so in Zukunft die Unterst\u00fctzung f\u00fcr die Schule noch weiter ausbauen zu k\u00f6nnen.<\/p>\n<p>Sie m\u00f6chten eine Spendenbox f\u00fcr Ihre Veranstaltung? Schreiben Sie uns eine E-Mail an <a href=\"http:\/\/www.foerderkreis-cvo.de\/wp-content\/uploads\/spendenbox-2-e1456436911235.jpg\" rel=\"attachment wp-att-421\"><img loading=\"lazy\" decoding=\"async\" class=\"alignright wp-image-421 size-medium\" src=\"http:\/\/www.foerderkreis-cvo.de\/wp-content\/uploads\/spendenbox-2-300x225.jpg\" alt=\"spendenbox-2\" width=\"300\" height=\"225\" \/><\/a><a href=\"mailto:info@foerderkreis-cvo.de\">info@foerderkreis-cvo.de<\/a>\u00a0oder nehmen Sie <a href=\"http:\/\/cvo.wiesan.de\/cvocms\/index.php?seite=kontakt\" target=\"_blank\">Kontakt mit der Schule <\/a>auf. Sie k\u00f6nnen entweder eine Box in der Schule abholen oder die andere bei unserem ersten Vorsitzenden in Mainz, wie es Ihnen beliebt.<\/p>\n<p>Ein herzliches Dankesch\u00f6n m\u00f6chten wir\u00a0f\u00fcr die handwerkliche Unterst\u00fctzung und das Spenden der Farben aussprechen!<\/p>\n<p><a href=\"http:\/\/www.foerderkreis-cvo.de\/wp-content\/uploads\/Vorstand-mit-Schulleiter.jpg\" rel=\"attachment wp-att-419\"><img loading=\"lazy\" decoding=\"async\" class=\"alignright wp-image-419 size-large\" src=\"http:\/\/www.foerderkreis-cvo.de\/wp-content\/uploads\/Vorstand-mit-Schulleiter-1024x736.jpg\" alt=\"\" width=\"640\" height=\"460\" srcset=\"https:\/\/www.foerderkreis-cvo.de\/wp-content\/uploads\/Vorstand-mit-Schulleiter-1024x736.jpg 1024w, https:\/\/www.foerderkreis-cvo.de\/wp-content\/uploads\/Vorstand-mit-Schulleiter-300x216.jpg 300w, https:\/\/www.foerderkreis-cvo.de\/wp-content\/uploads\/Vorstand-mit-Schulleiter-768x552.jpg 768w, https:\/\/www.foerderkreis-cvo.de\/wp-content\/uploads\/Vorstand-mit-Schulleiter.jpg 1169w\" sizes=\"auto, (max-width: 640px) 100vw, 640px\" \/><\/a><\/p>\n","protected":false},"excerpt":{"rendered":"<p>Auf der diesj\u00e4hrigen Jahreshauptversammlung wurde sie vorgestellt: Die Spendenbox der CvO! F\u00fcr Geburtstage, Feiern und andere Veranstaltungen. Die Boxen sind mit einem kleinen Vorh\u00e4ngeschloss gesichert und k\u00f6nnen ebenfalls mit Vorh\u00e4ngeschloss angebunden werden. Die Einnahmen werden \u00fcber den F\u00f6rderkreis f\u00fcr die &hellip; <a href=\"https:\/\/www.foerderkreis-cvo.de\/?p=411\">Weiterlesen <span class=\"meta-nav\">&rarr;<\/span><\/a><\/p>\n","protected":false},"author":1,"featured_media":0,"comment_status":"open","ping_status":"open","sticky":false,"template":"","format":"standard","meta":{"footnotes":""},"categories":[1],"tags":[],"class_list":["post-411","post","type-post","status-publish","format-standard","hentry","category-allgemein"],"_links":{"self":[{"href":"https:\/\/www.foerderkreis-cvo.de\/index.php?rest_route=\/wp\/v2\/posts\/411","targetHints":{"allow":["GET"]}}],"collection":[{"href":"https:\/\/www.foerderkreis-cvo.de\/index.php?rest_route=\/wp\/v2\/posts"}],"about":[{"href":"https:\/\/www.foerderkreis-cvo.de\/index.php?rest_route=\/wp\/v2\/types\/post"}],"author":[{"embeddable":true,"href":"https:\/\/www.foerderkreis-cvo.de\/index.php?rest_route=\/wp\/v2\/users\/1"}],"replies":[{"embeddable":true,"href":"https:\/\/www.foerderkreis-cvo.de\/index.php?rest_route=%2Fwp%2Fv2%2Fcomments&post=411"}],"version-history":[{"count":15,"href":"https:\/\/www.foerderkreis-cvo.de\/index.php?rest_route=\/wp\/v2\/posts\/411\/revisions"}],"predecessor-version":[{"id":432,"href":"https:\/\/www.foerderkreis-cvo.de\/index.php?rest_route=\/wp\/v2\/posts\/411\/revisions\/432"}],"wp:attachment":[{"href":"https:\/\/www.foerderkreis-cvo.de\/index.php?rest_route=%2Fwp%2Fv2%2Fmedia&parent=411"}],"wp:term":[{"taxonomy":"category","embeddable":true,"href":"https:\/\/www.foerderkreis-cvo.de\/index.php?rest_route=%2Fwp%2Fv2%2Fcategories&post=411"},{"taxonomy":"post_tag","embeddable":true,"href":"https:\/\/www.foerderkreis-cvo.de\/index.php?rest_route=%2Fwp%2Fv2%2Ftags&post=411"}],"curies":[{"name":"wp","href":"https:\/\/api.w.org\/{rel}","templated":true}]}}