{"id":199,"date":"2013-08-26T19:58:50","date_gmt":"2013-08-26T17:58:50","guid":{"rendered":"http:\/\/www.foerderkreis-cvo.de\/?p=199"},"modified":"2013-08-26T20:09:46","modified_gmt":"2013-08-26T18:09:46","slug":"wir-fur-folklore-in-wiesbaden-mit-dem-forderkreis","status":"publish","type":"post","link":"https:\/\/www.foerderkreis-cvo.de\/?p=199","title":{"rendered":"WIr f\u00fcr Folklore in Wiesbaden &#8211; Mit dem F\u00f6rderkreis"},"content":{"rendered":"<p>Gegen Diskriminierung, Sexismus, Rassismus, Antisemitismus und Homophobie. Das Statement des <a href=\"http:\/\/www.folklore-wiesbaden.de\" target=\"_blank\">Festivals Folklore 013<\/a> Wiesbaden w\u00fcrde auch hervorragend zu unserer Schule passen.Deswegen (aber nicht nur deswegen)<a href=\"http:\/\/www.foerderkreis-cvo.de\/wp-content\/uploads\/Folklore-258.jpg\"><img loading=\"lazy\" decoding=\"async\" class=\"size-medium wp-image-200\" alt=\"Nur gemeinsam sind wir stark: WIr f\u00fcr Folklore.\" src=\"http:\/\/www.foerderkreis-cvo.de\/wp-content\/uploads\/Folklore-258-200x300.jpg\" width=\"200\" height=\"300\" align=\"right\" srcset=\"https:\/\/www.foerderkreis-cvo.de\/wp-content\/uploads\/Folklore-258-200x300.jpg 200w, https:\/\/www.foerderkreis-cvo.de\/wp-content\/uploads\/Folklore-258-682x1024.jpg 682w, https:\/\/www.foerderkreis-cvo.de\/wp-content\/uploads\/Folklore-258.jpg 1424w\" sizes=\"auto, (max-width: 200px) 100vw, 200px\" \/><\/a> steht der F\u00f6rderkreis der Carl-von-Ossietzky-Schule hinter dem <a href=\"https:\/\/www.facebook.com\/pages\/WIr-f\u00fcr-Folklore-in-Wiesbaden\/190790127764758?fref=ts\" target=\"_blank\">Aktionsb\u00fcndnis<\/a> f\u00fcr den Erhalt des Festivals. Der Vorstand ist sich einig: Es muss weiterhin ein solches Event in Wiesbaden geben an dem Integration gelebt wird, Kreativit\u00e4t und Kultur gef\u00f6rdert werden und nicht zuletzt auch junge Menschen mehr oder weniger ausgelassen Feiern k\u00f6nnen. Die Landeshauptstadt Wiesbaden muss f\u00fcr die jungen Menschen, auch von unserer Schule, auch weiterhin attraktiv sein. Deswegen: WIr f\u00fcr Folklore! Nur gemeinsam sind wir stark!<\/p>\n","protected":false},"excerpt":{"rendered":"<p>Gegen Diskriminierung, Sexismus, Rassismus, Antisemitismus und Homophobie. Das Statement des Festivals Folklore 013 Wiesbaden w\u00fcrde auch hervorragend zu unserer Schule passen.Deswegen (aber nicht nur deswegen) steht der F\u00f6rderkreis der Carl-von-Ossietzky-Schule hinter dem Aktionsb\u00fcndnis f\u00fcr den Erhalt des Festivals. Der Vorstand &hellip; <a href=\"https:\/\/www.foerderkreis-cvo.de\/?p=199\">Weiterlesen <span class=\"meta-nav\">&rarr;<\/span><\/a><\/p>\n","protected":false},"author":1,"featured_media":0,"comment_status":"open","ping_status":"open","sticky":false,"template":"","format":"standard","meta":{"footnotes":""},"categories":[1],"tags":[],"class_list":["post-199","post","type-post","status-publish","format-standard","hentry","category-allgemein"],"_links":{"self":[{"href":"https:\/\/www.foerderkreis-cvo.de\/index.php?rest_route=\/wp\/v2\/posts\/199","targetHints":{"allow":["GET"]}}],"collection":[{"href":"https:\/\/www.foerderkreis-cvo.de\/index.php?rest_route=\/wp\/v2\/posts"}],"about":[{"href":"https:\/\/www.foerderkreis-cvo.de\/index.php?rest_route=\/wp\/v2\/types\/post"}],"author":[{"embeddable":true,"href":"https:\/\/www.foerderkreis-cvo.de\/index.php?rest_route=\/wp\/v2\/users\/1"}],"replies":[{"embeddable":true,"href":"https:\/\/www.foerderkreis-cvo.de\/index.php?rest_route=%2Fwp%2Fv2%2Fcomments&post=199"}],"version-history":[{"count":23,"href":"https:\/\/www.foerderkreis-cvo.de\/index.php?rest_route=\/wp\/v2\/posts\/199\/revisions"}],"predecessor-version":[{"id":224,"href":"https:\/\/www.foerderkreis-cvo.de\/index.php?rest_route=\/wp\/v2\/posts\/199\/revisions\/224"}],"wp:attachment":[{"href":"https:\/\/www.foerderkreis-cvo.de\/index.php?rest_route=%2Fwp%2Fv2%2Fmedia&parent=199"}],"wp:term":[{"taxonomy":"category","embeddable":true,"href":"https:\/\/www.foerderkreis-cvo.de\/index.php?rest_route=%2Fwp%2Fv2%2Fcategories&post=199"},{"taxonomy":"post_tag","embeddable":true,"href":"https:\/\/www.foerderkreis-cvo.de\/index.php?rest_route=%2Fwp%2Fv2%2Ftags&post=199"}],"curies":[{"name":"wp","href":"https:\/\/api.w.org\/{rel}","templated":true}]}}