{"id":191,"date":"2013-08-21T11:56:27","date_gmt":"2013-08-21T09:56:27","guid":{"rendered":"http:\/\/www.foerderkreis-cvo.de\/?p=191"},"modified":"2013-09-28T12:02:22","modified_gmt":"2013-09-28T10:02:22","slug":"ein-prasident-gibt-sich-die-ehre-europa-zu-gast-an-der-cvo","status":"publish","type":"post","link":"https:\/\/www.foerderkreis-cvo.de\/?p=191","title":{"rendered":"Ein Pr\u00e4sident gibt sich die Ehre &#8211; &#8222;Europa zu Gast&#8220; an der CvO"},"content":{"rendered":"<div>\nEin Schulanfang besonderer Art &#8211; trotz\u00a0der \u00fcblichen Unw\u00e4gbarkeiten an einem\u00a0ersten Schultag waren etwa 70 Sch\u00fcler der CvO, zahlreiche Kollegen\u00a0und einige interessierte B\u00fcrger aus der Stadt- und Landespolitik\u00a0zur Veranstaltung mit dem Pr\u00e4sidenten des <a href=\"http:\/\/www.foerderkreis-cvo.de\/wp-content\/uploads\/Martin-Schulz-antwortet.jpg\"><img loading=\"lazy\" decoding=\"async\" class=\" wp-image-193 alignleft\" alt=\"OLYMPUS DIGITAL CAMERA\" src=\"http:\/\/www.foerderkreis-cvo.de\/wp-content\/uploads\/Martin-Schulz-antwortet-300x225.jpg\" width=\"240\" height=\"180\" srcset=\"https:\/\/www.foerderkreis-cvo.de\/wp-content\/uploads\/Martin-Schulz-antwortet-300x225.jpg 300w, https:\/\/www.foerderkreis-cvo.de\/wp-content\/uploads\/Martin-Schulz-antwortet-1024x768.jpg 1024w\" sizes=\"auto, (max-width: 240px) 100vw, 240px\" \/><\/a>Europaparlaments, Herrn Martin Schulz (SPD), gekommen. Nach der Begr\u00fc\u00dfung durch Schulleiter Niko Lamprecht und Schuldezernentin Rose-Lore Scholz\u00a0 sowie einem Sch\u00fclervideo folgte ein sehr\u00a0fundierter Vortrag von Schulz, dem sich ebenso fundierte Sch\u00fclerfragen anschlossen. Martin Schulz bedankte sich am Ende f\u00fcr die Fragen, die ihn &#8222;zum Nachdenken zwangen&#8220;.<\/p>\n<\/div>\n<div>\n<p>Schulleiter Niko Lamprecht k\u00fcndigte Herrn Schulz als Dankesch\u00f6n die Zusendung\u00a0einer von CvO-Sch\u00fclern produzierten Europa-DVD an, welche mit dem Video den Vortrag des Parlamentspr\u00e4sidenten eingeleitet hatte.<\/p>\n<\/div>\n<div>\n<p>Wir bedanken uns sehr f\u00fcr die gro\u00dfe Ehre, f\u00fcr diesen Besuch ausgesucht worden zu sein! Hier der <a href=\"http:\/\/www.wiesbadener-kurier.de\/region\/wiesbaden\/meldungen\/13367708.htm\" target=\"_blank\">Artikel im Wiesbadener Kurier<\/a><\/p>\n<\/div>\n","protected":false},"excerpt":{"rendered":"<p>Ein Schulanfang besonderer Art &#8211; trotz\u00a0der \u00fcblichen Unw\u00e4gbarkeiten an einem\u00a0ersten Schultag waren etwa 70 Sch\u00fcler der CvO, zahlreiche Kollegen\u00a0und einige interessierte B\u00fcrger aus der Stadt- und Landespolitik\u00a0zur Veranstaltung mit dem Pr\u00e4sidenten des Europaparlaments, Herrn Martin Schulz (SPD), gekommen. Nach der &hellip; <a href=\"https:\/\/www.foerderkreis-cvo.de\/?p=191\">Weiterlesen <span class=\"meta-nav\">&rarr;<\/span><\/a><\/p>\n","protected":false},"author":1,"featured_media":0,"comment_status":"open","ping_status":"open","sticky":false,"template":"","format":"standard","meta":{"footnotes":""},"categories":[1],"tags":[],"class_list":["post-191","post","type-post","status-publish","format-standard","hentry","category-allgemein"],"_links":{"self":[{"href":"https:\/\/www.foerderkreis-cvo.de\/index.php?rest_route=\/wp\/v2\/posts\/191","targetHints":{"allow":["GET"]}}],"collection":[{"href":"https:\/\/www.foerderkreis-cvo.de\/index.php?rest_route=\/wp\/v2\/posts"}],"about":[{"href":"https:\/\/www.foerderkreis-cvo.de\/index.php?rest_route=\/wp\/v2\/types\/post"}],"author":[{"embeddable":true,"href":"https:\/\/www.foerderkreis-cvo.de\/index.php?rest_route=\/wp\/v2\/users\/1"}],"replies":[{"embeddable":true,"href":"https:\/\/www.foerderkreis-cvo.de\/index.php?rest_route=%2Fwp%2Fv2%2Fcomments&post=191"}],"version-history":[{"count":4,"href":"https:\/\/www.foerderkreis-cvo.de\/index.php?rest_route=\/wp\/v2\/posts\/191\/revisions"}],"predecessor-version":[{"id":227,"href":"https:\/\/www.foerderkreis-cvo.de\/index.php?rest_route=\/wp\/v2\/posts\/191\/revisions\/227"}],"wp:attachment":[{"href":"https:\/\/www.foerderkreis-cvo.de\/index.php?rest_route=%2Fwp%2Fv2%2Fmedia&parent=191"}],"wp:term":[{"taxonomy":"category","embeddable":true,"href":"https:\/\/www.foerderkreis-cvo.de\/index.php?rest_route=%2Fwp%2Fv2%2Fcategories&post=191"},{"taxonomy":"post_tag","embeddable":true,"href":"https:\/\/www.foerderkreis-cvo.de\/index.php?rest_route=%2Fwp%2Fv2%2Ftags&post=191"}],"curies":[{"name":"wp","href":"https:\/\/api.w.org\/{rel}","templated":true}]}}