{"id":769,"date":"2025-03-05T19:39:00","date_gmt":"2025-03-05T17:39:00","guid":{"rendered":"http:\/\/www.foerderkreis-cvo.de\/?p=769"},"modified":"2025-09-15T19:26:09","modified_gmt":"2025-09-15T17:26:09","slug":"neuer-vorstand-gewaehlt","status":"publish","type":"post","link":"http:\/\/www.foerderkreis-cvo.de\/?p=769","title":{"rendered":"Neuer Vorstand gew\u00e4hlt"},"content":{"rendered":"\n<p>Bei der Jahreshauptversammlung am 25.02.2025 wurde ein neuer Vorstand gew\u00e4hlt. Katharina Kre\u00df ist neue zweite Vorsitzende, Herbert Frohnhofen neuer Kassierer und Maria Nicolai neue Schriftf\u00fchrerin. <\/p>\n\n\n\n<p>Besonderer Dank gilt Thomas Rohloff, der sein Amt als zweiter Vorsitzender niedergelegt hat sowie unserem ehemaligen Kassierer Gernot Minge und unserem ehemaligen Schriftf\u00fchrer Wolfgang Tschuck f\u00fcr das jahrelange Engagement f\u00fcr den Verein und die Schule. Gernot Minge wird dem Verein als Kassenpr\u00fcfer erhalten bleiben. <\/p>\n\n\n\n<p>Mit neuen Kr\u00e4ften werden neue Aktionen den Verein weiter voran bringen. Der erste Vorsitzende freut sich auf die Zusammenarbeit. <\/p>\n\n\n\n<figure class=\"wp-block-image size-large\"><img loading=\"lazy\" decoding=\"async\" width=\"1024\" height=\"768\" src=\"http:\/\/www.foerderkreis-cvo.de\/wp-content\/uploads\/IMG_7569-1024x768.jpg\" alt=\"\" class=\"wp-image-786\" srcset=\"http:\/\/www.foerderkreis-cvo.de\/wp-content\/uploads\/IMG_7569-1024x768.jpg 1024w, http:\/\/www.foerderkreis-cvo.de\/wp-content\/uploads\/IMG_7569-300x225.jpg 300w, http:\/\/www.foerderkreis-cvo.de\/wp-content\/uploads\/IMG_7569-768x576.jpg 768w, http:\/\/www.foerderkreis-cvo.de\/wp-content\/uploads\/IMG_7569-1536x1152.jpg 1536w, http:\/\/www.foerderkreis-cvo.de\/wp-content\/uploads\/IMG_7569-2048x1536.jpg 2048w\" sizes=\"auto, (max-width: 1024px) 100vw, 1024px\" \/><\/figure>\n","protected":false},"excerpt":{"rendered":"<p>Bei der Jahreshauptversammlung am 25.02.2025 wurde ein neuer Vorstand gew\u00e4hlt. Katharina Kre\u00df ist neue zweite Vorsitzende, Herbert Frohnhofen neuer Kassierer und Maria Nicolai neue Schriftf\u00fchrerin. Besonderer Dank gilt Thomas Rohloff, der sein Amt als zweiter Vorsitzender niedergelegt hat sowie unserem &hellip; <a href=\"http:\/\/www.foerderkreis-cvo.de\/?p=769\">Weiterlesen <span class=\"meta-nav\">&rarr;<\/span><\/a><\/p>\n","protected":false},"author":1,"featured_media":0,"comment_status":"open","ping_status":"open","sticky":false,"template":"","format":"standard","meta":{"footnotes":""},"categories":[1],"tags":[7],"class_list":["post-769","post","type-post","status-publish","format-standard","hentry","category-allgemein","tag-zukunft"],"_links":{"self":[{"href":"http:\/\/www.foerderkreis-cvo.de\/index.php?rest_route=\/wp\/v2\/posts\/769","targetHints":{"allow":["GET"]}}],"collection":[{"href":"http:\/\/www.foerderkreis-cvo.de\/index.php?rest_route=\/wp\/v2\/posts"}],"about":[{"href":"http:\/\/www.foerderkreis-cvo.de\/index.php?rest_route=\/wp\/v2\/types\/post"}],"author":[{"embeddable":true,"href":"http:\/\/www.foerderkreis-cvo.de\/index.php?rest_route=\/wp\/v2\/users\/1"}],"replies":[{"embeddable":true,"href":"http:\/\/www.foerderkreis-cvo.de\/index.php?rest_route=%2Fwp%2Fv2%2Fcomments&post=769"}],"version-history":[{"count":5,"href":"http:\/\/www.foerderkreis-cvo.de\/index.php?rest_route=\/wp\/v2\/posts\/769\/revisions"}],"predecessor-version":[{"id":789,"href":"http:\/\/www.foerderkreis-cvo.de\/index.php?rest_route=\/wp\/v2\/posts\/769\/revisions\/789"}],"wp:attachment":[{"href":"http:\/\/www.foerderkreis-cvo.de\/index.php?rest_route=%2Fwp%2Fv2%2Fmedia&parent=769"}],"wp:term":[{"taxonomy":"category","embeddable":true,"href":"http:\/\/www.foerderkreis-cvo.de\/index.php?rest_route=%2Fwp%2Fv2%2Fcategories&post=769"},{"taxonomy":"post_tag","embeddable":true,"href":"http:\/\/www.foerderkreis-cvo.de\/index.php?rest_route=%2Fwp%2Fv2%2Ftags&post=769"}],"curies":[{"name":"wp","href":"https:\/\/api.w.org\/{rel}","templated":true}]}}