{"id":765,"date":"2024-03-19T21:56:18","date_gmt":"2024-03-19T19:56:18","guid":{"rendered":"http:\/\/www.foerderkreis-cvo.de\/?p=765"},"modified":"2024-03-19T21:56:18","modified_gmt":"2024-03-19T19:56:18","slug":"foerderkreis-tagte-und-sucht-nachwuchs","status":"publish","type":"post","link":"http:\/\/www.foerderkreis-cvo.de\/?p=765","title":{"rendered":"F\u00f6rderkreis tagte \u2013 und sucht \u201eNachwuchs\u201c!"},"content":{"rendered":"\n<p>Der F\u00f6rderkreis der CvO beriet auf der Jahreshauptversammlung die Finanzen sowie Planungen f\u00fcr 2024. Alle beantragten Vorhaben der CvO k\u00f6nnen unterst\u00fctzt werden, wof\u00fcr die Schule sehr dankbar ist!<\/p>\n\n\n\n<p>Allerdings sucht der F\u00f6rderkreis immer neue Mitglieder \u2013 aktuell auch besonders f\u00fcr den Vorstand, bei dem f\u00fcr 2025 ein Wechsel ansteht. Wer Interesse hat, kann sich sehr gerne bei uns melden.<\/p>\n\n\n\n<p>Das Foto zeigt den Vorstand mit Schulleiter Niko Lamprecht nach der Sitzung (von rechts: Herr Tschuck, Herr Rohloff, Herr Schwarze, Schulleiter, Herr Schwarze sen., Herr Minge).<\/p>\n\n\n\n<figure class=\"wp-block-image size-large\"><img loading=\"lazy\" decoding=\"async\" width=\"1024\" height=\"714\" src=\"http:\/\/www.foerderkreis-cvo.de\/wp-content\/uploads\/240227-Vorstand-Foerderkreis_-1024x714.jpg\" alt=\"\" class=\"wp-image-766\" srcset=\"http:\/\/www.foerderkreis-cvo.de\/wp-content\/uploads\/240227-Vorstand-Foerderkreis_-1024x714.jpg 1024w, http:\/\/www.foerderkreis-cvo.de\/wp-content\/uploads\/240227-Vorstand-Foerderkreis_-300x209.jpg 300w, http:\/\/www.foerderkreis-cvo.de\/wp-content\/uploads\/240227-Vorstand-Foerderkreis_-768x536.jpg 768w, http:\/\/www.foerderkreis-cvo.de\/wp-content\/uploads\/240227-Vorstand-Foerderkreis_-1536x1071.jpg 1536w, http:\/\/www.foerderkreis-cvo.de\/wp-content\/uploads\/240227-Vorstand-Foerderkreis_-2048x1428.jpg 2048w\" sizes=\"auto, (max-width: 1024px) 100vw, 1024px\" \/><\/figure>\n","protected":false},"excerpt":{"rendered":"<p>Der F\u00f6rderkreis der CvO beriet auf der Jahreshauptversammlung die Finanzen sowie Planungen f\u00fcr 2024. Alle beantragten Vorhaben der CvO k\u00f6nnen unterst\u00fctzt werden, wof\u00fcr die Schule sehr dankbar ist! Allerdings sucht der F\u00f6rderkreis immer neue Mitglieder \u2013 aktuell auch besonders f\u00fcr &hellip; <a href=\"http:\/\/www.foerderkreis-cvo.de\/?p=765\">Weiterlesen <span class=\"meta-nav\">&rarr;<\/span><\/a><\/p>\n","protected":false},"author":1,"featured_media":0,"comment_status":"open","ping_status":"open","sticky":false,"template":"","format":"standard","meta":{"footnotes":""},"categories":[1],"tags":[],"class_list":["post-765","post","type-post","status-publish","format-standard","hentry","category-allgemein"],"_links":{"self":[{"href":"http:\/\/www.foerderkreis-cvo.de\/index.php?rest_route=\/wp\/v2\/posts\/765","targetHints":{"allow":["GET"]}}],"collection":[{"href":"http:\/\/www.foerderkreis-cvo.de\/index.php?rest_route=\/wp\/v2\/posts"}],"about":[{"href":"http:\/\/www.foerderkreis-cvo.de\/index.php?rest_route=\/wp\/v2\/types\/post"}],"author":[{"embeddable":true,"href":"http:\/\/www.foerderkreis-cvo.de\/index.php?rest_route=\/wp\/v2\/users\/1"}],"replies":[{"embeddable":true,"href":"http:\/\/www.foerderkreis-cvo.de\/index.php?rest_route=%2Fwp%2Fv2%2Fcomments&post=765"}],"version-history":[{"count":1,"href":"http:\/\/www.foerderkreis-cvo.de\/index.php?rest_route=\/wp\/v2\/posts\/765\/revisions"}],"predecessor-version":[{"id":767,"href":"http:\/\/www.foerderkreis-cvo.de\/index.php?rest_route=\/wp\/v2\/posts\/765\/revisions\/767"}],"wp:attachment":[{"href":"http:\/\/www.foerderkreis-cvo.de\/index.php?rest_route=%2Fwp%2Fv2%2Fmedia&parent=765"}],"wp:term":[{"taxonomy":"category","embeddable":true,"href":"http:\/\/www.foerderkreis-cvo.de\/index.php?rest_route=%2Fwp%2Fv2%2Fcategories&post=765"},{"taxonomy":"post_tag","embeddable":true,"href":"http:\/\/www.foerderkreis-cvo.de\/index.php?rest_route=%2Fwp%2Fv2%2Ftags&post=765"}],"curies":[{"name":"wp","href":"https:\/\/api.w.org\/{rel}","templated":true}]}}