{"id":754,"date":"2023-12-06T21:45:00","date_gmt":"2023-12-06T19:45:00","guid":{"rendered":"http:\/\/www.foerderkreis-cvo.de\/?p=754"},"modified":"2024-03-19T21:52:12","modified_gmt":"2024-03-19T19:52:12","slug":"wildnistage","status":"publish","type":"post","link":"http:\/\/www.foerderkreis-cvo.de\/?p=754","title":{"rendered":"Wildnistage"},"content":{"rendered":"\n<p>Der F\u00f6rderkreis freut sich, wieder ein Projekt unterst\u00fctzen zu k\u00f6nnen. Der Dank gilt auch Frau Aydin f\u00fcr die Organisation und Durchf\u00fchrung. Hier der Bericht: <\/p>\n\n\n\n<p class=\"has-black-color has-text-color has-link-color wp-elements-a5c3256fe96d246189cddbab05e2b8e8\"><em>Die erlebnisp\u00e4dagogische Ma\u00dfnahme wurde von der Sozialp\u00e4dagogin der Schule, Frau Aydin, initiiertund f\u00fcr alle sieben Klassen ab Ende Oktober 2023 bis AnfangNovember 2023 angeboten. \u00dcber den Veranstalter \u201eWildniswandern\u201c wurde uns Frau Stephanie Lenz, Wildnisp\u00e4dagogin, vermittelt. Sie hat ein Programm erarbeitet und f\u00fcr dieelften Klassen im Wiesbadener Nerotal an der Feuerstelle sowie im angrenzenden Stadtwald durchgef\u00fchrt. Nach einem kurzen gegenseitigen Kennenlernenzu Tagesbeginn, bei dem die Sch\u00fclerinnen und Sch\u00fcler (SuS) \u00fcber ihre bisherigen Erfahrungen in der Natur und ihre Interessen berichteten und Frau Lenzden Tagesablauf vorstellte marschierten wir etwa dreieinhalb Stunden durch den Wald. An unterschiedlichen Stationen verweilten die Gruppen zu Inputs, zum Austausch und zu Spielen. So musste z.B.\u00a0 in Zweiergruppen eine Person die andere mit verbundenen Augen zu einem Baum f\u00fchren, der abgetastet wurde und sp\u00e4ter wiedergefunden werden musste. Bei der blinden Post sollten im Wald gesammelte Materialien erraten werden und beim gemeinsamen Stockablegen war, ebenso wie beim Waldmemory, Teamgeist gefragt. Zu guterLetzt wurde f\u00fcr das Feuer Brennmaterial in Kleingruppen gesammelt, nachdem zuvor gemeinsam erarbeitet wurde, was \u00fcberhaupt brennt und welche Naturmaterialien als Zunder verwendet werden k\u00f6nnen. Danach ging es ans praktische Umsetzen. In Kleingruppen wurdeversucht ein kleines Feuer zu entz\u00fcnden, was sich als gar nicht so einfach erwies. Anschlie\u00dfend wurde sich am gro\u00dfen Feuer aufgew\u00e4rmt, gegrillt und gegessen. Wer Lust hatte konnte sich dabei noch einen L\u00f6ffel schnitzen.<\/em><\/p>\n\n\n\n<p class=\"has-black-color has-text-color has-link-color wp-elements-d517b1670d6799ad79a0c69e75071071\"><em>Alles in allem waren es herausfordernde Tage, da viele SuS keine Walderfahrungen hatten und somit gr\u00f6\u00dftenteils erstmalig mit Naturzusammenh\u00e4ngen vertraut gemacht wurden. Je nach Wetter-lage war auf jeden Fall Durchhalteverm\u00f6gen erforderlich. Wer das geschafft hat ist nun in der Lage, einige Tage in der freien Wildnis zu \u00fcberleben.<\/em><\/p>\n\n\n\n<p class=\"has-black-color has-text-color has-link-color wp-elements-d7d468ce5f84ef19c709e68d60660ee7\"><em>Ein herzliches Dankesch\u00f6n dem F\u00f6rderkreis\u00a0\u00a0f\u00fcr die gro\u00dfz\u00fcgige Zuwendung, ohne die das Projekt nicht h\u00e4tte durchgef\u00fchrt werden k\u00f6nnen.<\/em><\/p>\n\n\n\n<div class=\"wp-block-columns is-layout-flex wp-container-core-columns-is-layout-9d6595d7 wp-block-columns-is-layout-flex\">\n<div class=\"wp-block-column is-layout-flow wp-block-column-is-layout-flow\" style=\"flex-basis:100%\">\n<div class=\"wp-block-group\"><div class=\"wp-block-group__inner-container is-layout-constrained wp-block-group-is-layout-constrained\">\n<figure class=\"wp-block-gallery has-nested-images columns-default is-cropped wp-block-gallery-1 is-layout-flex wp-block-gallery-is-layout-flex\">\n<figure class=\"wp-block-image size-large\"><img loading=\"lazy\" decoding=\"async\" width=\"1024\" height=\"768\" data-id=\"760\" src=\"http:\/\/www.foerderkreis-cvo.de\/wp-content\/uploads\/20231019_103115-1024x768.jpg\" alt=\"\" class=\"wp-image-760\" srcset=\"http:\/\/www.foerderkreis-cvo.de\/wp-content\/uploads\/20231019_103115-1024x768.jpg 1024w, http:\/\/www.foerderkreis-cvo.de\/wp-content\/uploads\/20231019_103115-300x225.jpg 300w, http:\/\/www.foerderkreis-cvo.de\/wp-content\/uploads\/20231019_103115-768x576.jpg 768w, http:\/\/www.foerderkreis-cvo.de\/wp-content\/uploads\/20231019_103115-1536x1152.jpg 1536w, http:\/\/www.foerderkreis-cvo.de\/wp-content\/uploads\/20231019_103115.jpg 2048w\" sizes=\"auto, (max-width: 1024px) 100vw, 1024px\" \/><\/figure>\n\n\n\n<figure class=\"wp-block-image size-large\"><img loading=\"lazy\" decoding=\"async\" width=\"1024\" height=\"768\" data-id=\"758\" src=\"http:\/\/www.foerderkreis-cvo.de\/wp-content\/uploads\/20231102_094405-1-1024x768.jpg\" alt=\"\" class=\"wp-image-758\" srcset=\"http:\/\/www.foerderkreis-cvo.de\/wp-content\/uploads\/20231102_094405-1-1024x768.jpg 1024w, http:\/\/www.foerderkreis-cvo.de\/wp-content\/uploads\/20231102_094405-1-300x225.jpg 300w, http:\/\/www.foerderkreis-cvo.de\/wp-content\/uploads\/20231102_094405-1-768x576.jpg 768w, http:\/\/www.foerderkreis-cvo.de\/wp-content\/uploads\/20231102_094405-1-1536x1152.jpg 1536w, http:\/\/www.foerderkreis-cvo.de\/wp-content\/uploads\/20231102_094405-1.jpg 2048w\" sizes=\"auto, (max-width: 1024px) 100vw, 1024px\" \/><\/figure>\n\n\n\n<figure class=\"wp-block-image size-large\"><img loading=\"lazy\" decoding=\"async\" width=\"768\" height=\"1024\" data-id=\"761\" src=\"http:\/\/www.foerderkreis-cvo.de\/wp-content\/uploads\/20231106_120638-768x1024.jpg\" alt=\"\" class=\"wp-image-761\" srcset=\"http:\/\/www.foerderkreis-cvo.de\/wp-content\/uploads\/20231106_120638-768x1024.jpg 768w, http:\/\/www.foerderkreis-cvo.de\/wp-content\/uploads\/20231106_120638-225x300.jpg 225w, http:\/\/www.foerderkreis-cvo.de\/wp-content\/uploads\/20231106_120638-1152x1536.jpg 1152w, http:\/\/www.foerderkreis-cvo.de\/wp-content\/uploads\/20231106_120638-rotated.jpg 1536w\" sizes=\"auto, (max-width: 768px) 100vw, 768px\" \/><\/figure>\n\n\n\n<figure class=\"wp-block-image size-large\"><img loading=\"lazy\" decoding=\"async\" width=\"768\" height=\"1024\" data-id=\"757\" src=\"http:\/\/www.foerderkreis-cvo.de\/wp-content\/uploads\/Stab-1-768x1024.jpg\" alt=\"\" class=\"wp-image-757\" srcset=\"http:\/\/www.foerderkreis-cvo.de\/wp-content\/uploads\/Stab-1-768x1024.jpg 768w, http:\/\/www.foerderkreis-cvo.de\/wp-content\/uploads\/Stab-1-225x300.jpg 225w, http:\/\/www.foerderkreis-cvo.de\/wp-content\/uploads\/Stab-1-1152x1536.jpg 1152w, http:\/\/www.foerderkreis-cvo.de\/wp-content\/uploads\/Stab-1-rotated.jpg 1536w\" sizes=\"auto, (max-width: 768px) 100vw, 768px\" \/><\/figure>\n\n\n\n<figure class=\"wp-block-image size-large\"><img loading=\"lazy\" decoding=\"async\" width=\"768\" height=\"1024\" data-id=\"759\" src=\"http:\/\/www.foerderkreis-cvo.de\/wp-content\/uploads\/Wildnistag-19-1-768x1024.jpg\" alt=\"\" class=\"wp-image-759\" srcset=\"http:\/\/www.foerderkreis-cvo.de\/wp-content\/uploads\/Wildnistag-19-1-768x1024.jpg 768w, http:\/\/www.foerderkreis-cvo.de\/wp-content\/uploads\/Wildnistag-19-1-225x300.jpg 225w, http:\/\/www.foerderkreis-cvo.de\/wp-content\/uploads\/Wildnistag-19-1-1152x1536.jpg 1152w, http:\/\/www.foerderkreis-cvo.de\/wp-content\/uploads\/Wildnistag-19-1-rotated.jpg 1536w\" sizes=\"auto, (max-width: 768px) 100vw, 768px\" \/><\/figure>\n\n\n\n<figure class=\"wp-block-image size-large\"><img loading=\"lazy\" decoding=\"async\" width=\"1024\" height=\"768\" data-id=\"762\" src=\"http:\/\/www.foerderkreis-cvo.de\/wp-content\/uploads\/Wildnistag-22-1024x768.jpg\" alt=\"\" class=\"wp-image-762\" srcset=\"http:\/\/www.foerderkreis-cvo.de\/wp-content\/uploads\/Wildnistag-22-1024x768.jpg 1024w, http:\/\/www.foerderkreis-cvo.de\/wp-content\/uploads\/Wildnistag-22-300x225.jpg 300w, http:\/\/www.foerderkreis-cvo.de\/wp-content\/uploads\/Wildnistag-22-768x576.jpg 768w, http:\/\/www.foerderkreis-cvo.de\/wp-content\/uploads\/Wildnistag-22-1536x1152.jpg 1536w, http:\/\/www.foerderkreis-cvo.de\/wp-content\/uploads\/Wildnistag-22.jpg 2048w\" sizes=\"auto, (max-width: 1024px) 100vw, 1024px\" \/><\/figure>\n<\/figure>\n<\/div><\/div>\n<\/div>\n<\/div>\n","protected":false},"excerpt":{"rendered":"<p>Der F\u00f6rderkreis freut sich, wieder ein Projekt unterst\u00fctzen zu k\u00f6nnen. Der Dank gilt auch Frau Aydin f\u00fcr die Organisation und Durchf\u00fchrung. Hier der Bericht: Die erlebnisp\u00e4dagogische Ma\u00dfnahme wurde von der Sozialp\u00e4dagogin der Schule, Frau Aydin, initiiertund f\u00fcr alle sieben Klassen &hellip; <a href=\"http:\/\/www.foerderkreis-cvo.de\/?p=754\">Weiterlesen <span class=\"meta-nav\">&rarr;<\/span><\/a><\/p>\n","protected":false},"author":1,"featured_media":0,"comment_status":"open","ping_status":"open","sticky":false,"template":"","format":"standard","meta":{"footnotes":""},"categories":[1,3],"tags":[6],"class_list":["post-754","post","type-post","status-publish","format-standard","hentry","category-allgemein","category-schulerinnen","tag-schuelerinnen"],"_links":{"self":[{"href":"http:\/\/www.foerderkreis-cvo.de\/index.php?rest_route=\/wp\/v2\/posts\/754","targetHints":{"allow":["GET"]}}],"collection":[{"href":"http:\/\/www.foerderkreis-cvo.de\/index.php?rest_route=\/wp\/v2\/posts"}],"about":[{"href":"http:\/\/www.foerderkreis-cvo.de\/index.php?rest_route=\/wp\/v2\/types\/post"}],"author":[{"embeddable":true,"href":"http:\/\/www.foerderkreis-cvo.de\/index.php?rest_route=\/wp\/v2\/users\/1"}],"replies":[{"embeddable":true,"href":"http:\/\/www.foerderkreis-cvo.de\/index.php?rest_route=%2Fwp%2Fv2%2Fcomments&post=754"}],"version-history":[{"count":1,"href":"http:\/\/www.foerderkreis-cvo.de\/index.php?rest_route=\/wp\/v2\/posts\/754\/revisions"}],"predecessor-version":[{"id":763,"href":"http:\/\/www.foerderkreis-cvo.de\/index.php?rest_route=\/wp\/v2\/posts\/754\/revisions\/763"}],"wp:attachment":[{"href":"http:\/\/www.foerderkreis-cvo.de\/index.php?rest_route=%2Fwp%2Fv2%2Fmedia&parent=754"}],"wp:term":[{"taxonomy":"category","embeddable":true,"href":"http:\/\/www.foerderkreis-cvo.de\/index.php?rest_route=%2Fwp%2Fv2%2Fcategories&post=754"},{"taxonomy":"post_tag","embeddable":true,"href":"http:\/\/www.foerderkreis-cvo.de\/index.php?rest_route=%2Fwp%2Fv2%2Ftags&post=754"}],"curies":[{"name":"wp","href":"https:\/\/api.w.org\/{rel}","templated":true}]}}