{"id":751,"date":"2023-04-22T08:41:17","date_gmt":"2023-04-22T06:41:17","guid":{"rendered":"http:\/\/www.foerderkreis-cvo.de\/?p=751"},"modified":"2023-04-22T08:41:17","modified_gmt":"2023-04-22T06:41:17","slug":"endlich-wieder-berufsinfotag","status":"publish","type":"post","link":"http:\/\/www.foerderkreis-cvo.de\/?p=751","title":{"rendered":"Endlich wieder Berufsinfotag"},"content":{"rendered":"\n<p>Nach einer zu langen Corona-Pause wird wieder der Berufsinfotag f\u00fcr die Stufen E2 und Q2 angeboten. Er findet am 27. Juni von 10-13 Uhr in der Schule statt. In drei Bl\u00f6cken \u00e1 45 Minuten k\u00f6nnen sich die Sch\u00fclerInnen \u00fcber die angebotenen Themengebiete informieren.<\/p>\n\n\n\n<p>Sie haben Interesse als Referent den Sch\u00fclerInnen Infos rund um ihr Berufsfeld oder abgelegtes Studium zu geben? Melden Sie sich gerne per Mail (info@foerderkreis-cvo.de) bei uns, wir leiten Ihr Angebot weiter.<\/p>\n","protected":false},"excerpt":{"rendered":"<p>Nach einer zu langen Corona-Pause wird wieder der Berufsinfotag f\u00fcr die Stufen E2 und Q2 angeboten. Er findet am 27. Juni von 10-13 Uhr in der Schule statt. In drei Bl\u00f6cken \u00e1 45 Minuten k\u00f6nnen sich die Sch\u00fclerInnen \u00fcber die &hellip; <a href=\"http:\/\/www.foerderkreis-cvo.de\/?p=751\">Weiterlesen <span class=\"meta-nav\">&rarr;<\/span><\/a><\/p>\n","protected":false},"author":1,"featured_media":0,"comment_status":"open","ping_status":"open","sticky":false,"template":"","format":"standard","meta":{"footnotes":""},"categories":[1],"tags":[],"class_list":["post-751","post","type-post","status-publish","format-standard","hentry","category-allgemein"],"_links":{"self":[{"href":"http:\/\/www.foerderkreis-cvo.de\/index.php?rest_route=\/wp\/v2\/posts\/751","targetHints":{"allow":["GET"]}}],"collection":[{"href":"http:\/\/www.foerderkreis-cvo.de\/index.php?rest_route=\/wp\/v2\/posts"}],"about":[{"href":"http:\/\/www.foerderkreis-cvo.de\/index.php?rest_route=\/wp\/v2\/types\/post"}],"author":[{"embeddable":true,"href":"http:\/\/www.foerderkreis-cvo.de\/index.php?rest_route=\/wp\/v2\/users\/1"}],"replies":[{"embeddable":true,"href":"http:\/\/www.foerderkreis-cvo.de\/index.php?rest_route=%2Fwp%2Fv2%2Fcomments&post=751"}],"version-history":[{"count":1,"href":"http:\/\/www.foerderkreis-cvo.de\/index.php?rest_route=\/wp\/v2\/posts\/751\/revisions"}],"predecessor-version":[{"id":752,"href":"http:\/\/www.foerderkreis-cvo.de\/index.php?rest_route=\/wp\/v2\/posts\/751\/revisions\/752"}],"wp:attachment":[{"href":"http:\/\/www.foerderkreis-cvo.de\/index.php?rest_route=%2Fwp%2Fv2%2Fmedia&parent=751"}],"wp:term":[{"taxonomy":"category","embeddable":true,"href":"http:\/\/www.foerderkreis-cvo.de\/index.php?rest_route=%2Fwp%2Fv2%2Fcategories&post=751"},{"taxonomy":"post_tag","embeddable":true,"href":"http:\/\/www.foerderkreis-cvo.de\/index.php?rest_route=%2Fwp%2Fv2%2Ftags&post=751"}],"curies":[{"name":"wp","href":"https:\/\/api.w.org\/{rel}","templated":true}]}}