{"id":613,"date":"2019-02-02T17:41:17","date_gmt":"2019-02-02T15:41:17","guid":{"rendered":"http:\/\/www.foerderkreis-cvo.de\/?p=613"},"modified":"2019-02-02T17:42:36","modified_gmt":"2019-02-02T15:42:36","slug":"erfolgreicher-tag-der-offenen-tuer","status":"publish","type":"post","link":"http:\/\/www.foerderkreis-cvo.de\/?p=613","title":{"rendered":"Erfolgreicher Tag der offenen T\u00fcr"},"content":{"rendered":"\n<div class=\"wp-block-image\"><figure class=\"alignleft\"><a href=\"http:\/\/www.foerderkreis-cvo.de\/wp-content\/uploads\/TdoT-2.jpg\"><img loading=\"lazy\" decoding=\"async\" width=\"150\" height=\"150\" src=\"http:\/\/www.foerderkreis-cvo.de\/wp-content\/uploads\/TdoT-2-150x150.jpg\" alt=\"\" class=\"wp-image-614\"\/><\/a><\/figure><\/div>\n\n\n\n<p>Am 26. Januar war es wieder soweit: Die T\u00fcren der CvO \u00f6ffneten sich f\u00fcr Interessierte, Ehemalige und Angeh\u00f6rige. Interessierte konnten sich \u00fcber das Angebot der Schule informieren, die Sch\u00fcler pr\u00e4sentierten Ihre Ergebnisse der Projektwoche und der Schulelternbeirat sorgte mit Kaffee und Kuchen f\u00fcr die Verpflegung. Auch der F\u00f6rderkreis war mit einem neuen Angebot am Start.<\/p>\n\n\n\n<!--more-->\n\n\n\n<div class=\"wp-block-image\"><figure class=\"alignleft\"><a href=\"http:\/\/www.foerderkreis-cvo.de\/wp-content\/uploads\/TdoT-1.jpg\"><img loading=\"lazy\" decoding=\"async\" width=\"150\" height=\"150\" src=\"http:\/\/www.foerderkreis-cvo.de\/wp-content\/uploads\/TdoT-1-150x150.jpg\" alt=\"\" class=\"wp-image-618\"\/><\/a><\/figure><\/div>\n\n\n\n<p>Urspr\u00fcnglich einmal vom Schulelternbeirat erdacht gab der F\u00f6rderkreis B\u00fccher gegen Spende ab. Alle B\u00fccher wurden vom Vorstand aus eigenen Best\u00e4nden gespendet. Um den F\u00f6rderkreis langfristig in Erinnerung zu behalten war jedes Buch mit einem Aufkleber gespickt der auf diese Aktion hinwies.<\/p>\n\n\n\n<p>Aber damit nicht genug: Zus\u00e4tzlich zu den B\u00fcchern konnte man am Tisch des F\u00f6rderkreises Schl\u00fcsselanh\u00e4nger erwerben, die mit einem Kartenausschnitt &#8222;Wiesbaden&#8220; versehen waren. <\/p>\n\n\n\n<div class=\"wp-block-image\"><figure class=\"alignright\"><a href=\"http:\/\/www.foerderkreis-cvo.de\/wp-content\/uploads\/TdoT-4.jpg\"><img loading=\"lazy\" decoding=\"async\" width=\"150\" height=\"150\" src=\"http:\/\/www.foerderkreis-cvo.de\/wp-content\/uploads\/TdoT-4-150x150.jpg\" alt=\"\" class=\"wp-image-616\"\/><\/a><\/figure><\/div>\n\n\n\n<p>Dank der freundlichen Spende von <a rel=\"noreferrer noopener\" aria-label=\"FreyArts (\u00f6ffnet in neuem Tab)\" href=\"http:\/\/www.freyarts.de\" target=\"_blank\">FreyArts<\/a> sind alle Einnahmen aus dem Verkauf in die Kasse des F\u00f6rderkreises gegangen. <\/p>\n\n\n\n<p>So konnte zusammen mit den B\u00fcchern immerhin ein zweistelliger Betrag eingenommen werden. Es sind noch Schl\u00fcsselanh\u00e4nger vorr\u00e4tig! Schreiben Sie uns einfach eine <a href=\"mailto:info@foerderkreis-cvo.de\">Mail<\/a>, f\u00fcr 7 Euro zzgl. Versand sind Sie dabei!<\/p>\n\n\n\n<p><\/p>\n","protected":false},"excerpt":{"rendered":"<p>Am 26. Januar war es wieder soweit: Die T\u00fcren der CvO \u00f6ffneten sich f\u00fcr Interessierte, Ehemalige und Angeh\u00f6rige. Interessierte konnten sich \u00fcber das Angebot der Schule informieren, die Sch\u00fcler pr\u00e4sentierten Ihre Ergebnisse der Projektwoche und der Schulelternbeirat sorgte mit Kaffee &hellip; <a href=\"http:\/\/www.foerderkreis-cvo.de\/?p=613\">Weiterlesen <span class=\"meta-nav\">&rarr;<\/span><\/a><\/p>\n","protected":false},"author":1,"featured_media":0,"comment_status":"open","ping_status":"open","sticky":false,"template":"","format":"standard","meta":{"footnotes":""},"categories":[1],"tags":[],"class_list":["post-613","post","type-post","status-publish","format-standard","hentry","category-allgemein"],"_links":{"self":[{"href":"http:\/\/www.foerderkreis-cvo.de\/index.php?rest_route=\/wp\/v2\/posts\/613","targetHints":{"allow":["GET"]}}],"collection":[{"href":"http:\/\/www.foerderkreis-cvo.de\/index.php?rest_route=\/wp\/v2\/posts"}],"about":[{"href":"http:\/\/www.foerderkreis-cvo.de\/index.php?rest_route=\/wp\/v2\/types\/post"}],"author":[{"embeddable":true,"href":"http:\/\/www.foerderkreis-cvo.de\/index.php?rest_route=\/wp\/v2\/users\/1"}],"replies":[{"embeddable":true,"href":"http:\/\/www.foerderkreis-cvo.de\/index.php?rest_route=%2Fwp%2Fv2%2Fcomments&post=613"}],"version-history":[{"count":13,"href":"http:\/\/www.foerderkreis-cvo.de\/index.php?rest_route=\/wp\/v2\/posts\/613\/revisions"}],"predecessor-version":[{"id":631,"href":"http:\/\/www.foerderkreis-cvo.de\/index.php?rest_route=\/wp\/v2\/posts\/613\/revisions\/631"}],"wp:attachment":[{"href":"http:\/\/www.foerderkreis-cvo.de\/index.php?rest_route=%2Fwp%2Fv2%2Fmedia&parent=613"}],"wp:term":[{"taxonomy":"category","embeddable":true,"href":"http:\/\/www.foerderkreis-cvo.de\/index.php?rest_route=%2Fwp%2Fv2%2Fcategories&post=613"},{"taxonomy":"post_tag","embeddable":true,"href":"http:\/\/www.foerderkreis-cvo.de\/index.php?rest_route=%2Fwp%2Fv2%2Ftags&post=613"}],"curies":[{"name":"wp","href":"https:\/\/api.w.org\/{rel}","templated":true}]}}