{"id":556,"date":"2018-01-19T15:32:17","date_gmt":"2018-01-19T13:32:17","guid":{"rendered":"http:\/\/www.foerderkreis-cvo.de\/?p=556"},"modified":"2018-01-19T15:32:17","modified_gmt":"2018-01-19T13:32:17","slug":"termine-tag-der-offenen-tuer-und-jhv","status":"publish","type":"post","link":"http:\/\/www.foerderkreis-cvo.de\/?p=556","title":{"rendered":"Termine: Tag der offenen T\u00fcr und JHV"},"content":{"rendered":"<p>Der Tag der offenen T\u00fcr an der CvO findet am 27.1. von 11-14 Uhr an der Schule statt. Interessierte sind herzlich eingeladen sich einen \u00dcberblick \u00fcber die Schule, die Angebote und insbesondere die Ergebnisse der Projektwoche zu machen.<\/p>\n<p>Die Jahreshauptversammlung des F\u00f6rderkreises findet am 20.2. um 18 Uhr in der Bibliothekt der Schule statt. Die Einladungen sind inkl. Protokoll der letzten Sitzung an die Mitglieder des F\u00f6rderkreises verschickt worden.<\/p>\n","protected":false},"excerpt":{"rendered":"<p>Der Tag der offenen T\u00fcr an der CvO findet am 27.1. von 11-14 Uhr an der Schule statt. Interessierte sind herzlich eingeladen sich einen \u00dcberblick \u00fcber die Schule, die Angebote und insbesondere die Ergebnisse der Projektwoche zu machen. Die Jahreshauptversammlung &hellip; <a href=\"http:\/\/www.foerderkreis-cvo.de\/?p=556\">Weiterlesen <span class=\"meta-nav\">&rarr;<\/span><\/a><\/p>\n","protected":false},"author":1,"featured_media":0,"comment_status":"open","ping_status":"open","sticky":false,"template":"","format":"standard","meta":{"footnotes":""},"categories":[1],"tags":[],"class_list":["post-556","post","type-post","status-publish","format-standard","hentry","category-allgemein"],"_links":{"self":[{"href":"http:\/\/www.foerderkreis-cvo.de\/index.php?rest_route=\/wp\/v2\/posts\/556","targetHints":{"allow":["GET"]}}],"collection":[{"href":"http:\/\/www.foerderkreis-cvo.de\/index.php?rest_route=\/wp\/v2\/posts"}],"about":[{"href":"http:\/\/www.foerderkreis-cvo.de\/index.php?rest_route=\/wp\/v2\/types\/post"}],"author":[{"embeddable":true,"href":"http:\/\/www.foerderkreis-cvo.de\/index.php?rest_route=\/wp\/v2\/users\/1"}],"replies":[{"embeddable":true,"href":"http:\/\/www.foerderkreis-cvo.de\/index.php?rest_route=%2Fwp%2Fv2%2Fcomments&post=556"}],"version-history":[{"count":1,"href":"http:\/\/www.foerderkreis-cvo.de\/index.php?rest_route=\/wp\/v2\/posts\/556\/revisions"}],"predecessor-version":[{"id":557,"href":"http:\/\/www.foerderkreis-cvo.de\/index.php?rest_route=\/wp\/v2\/posts\/556\/revisions\/557"}],"wp:attachment":[{"href":"http:\/\/www.foerderkreis-cvo.de\/index.php?rest_route=%2Fwp%2Fv2%2Fmedia&parent=556"}],"wp:term":[{"taxonomy":"category","embeddable":true,"href":"http:\/\/www.foerderkreis-cvo.de\/index.php?rest_route=%2Fwp%2Fv2%2Fcategories&post=556"},{"taxonomy":"post_tag","embeddable":true,"href":"http:\/\/www.foerderkreis-cvo.de\/index.php?rest_route=%2Fwp%2Fv2%2Ftags&post=556"}],"curies":[{"name":"wp","href":"https:\/\/api.w.org\/{rel}","templated":true}]}}