{"id":536,"date":"2017-05-09T22:49:32","date_gmt":"2017-05-09T20:49:32","guid":{"rendered":"http:\/\/www.foerderkreis-cvo.de\/?p=536"},"modified":"2017-05-09T22:55:34","modified_gmt":"2017-05-09T20:55:34","slug":"zeit-fuer-ein-dankeschoen","status":"publish","type":"post","link":"http:\/\/www.foerderkreis-cvo.de\/?p=536","title":{"rendered":"Zeit f\u00fcr ein &#8222;Dankesch\u00f6n&#8220;"},"content":{"rendered":"<p><img loading=\"lazy\" decoding=\"async\" class=\"alignleft wp-image-537 size-medium\" src=\"http:\/\/www.foerderkreis-cvo.de\/wp-content\/uploads\/Schullogo-dunkelblau-300x225.png\" alt=\"\" width=\"300\" height=\"225\" srcset=\"http:\/\/www.foerderkreis-cvo.de\/wp-content\/uploads\/Schullogo-dunkelblau-300x225.png 300w, http:\/\/www.foerderkreis-cvo.de\/wp-content\/uploads\/Schullogo-dunkelblau-768x576.png 768w, http:\/\/www.foerderkreis-cvo.de\/wp-content\/uploads\/Schullogo-dunkelblau-1024x768.png 1024w\" sizes=\"auto, (max-width: 300px) 100vw, 300px\" \/>Die diesj\u00e4hrige Jahrshauptversammlung hat am 9. Mai in der Carl-von-Ossietzky Schule stattgefunden. Frau Heidi Erbe gibt nach langj\u00e4hriger T\u00e4tigkeit ihr Amt als Kassenpr\u00fcferin ab. Wir bedanken uns bei Heinrich Wolf und Dr. Bernd Schwarze, dass sie als Team diesen Posten im F\u00f6rderkreis \u00fcbernehmen werden. F\u00fcr Frau Erbe gab es zum Abschied frische Blumen. Herr Wolf war vor Peter Wiendlocha Kassierer des F\u00f6rderkreises, konnte aber an der letzten Jahreshauptversammlung nicht teilnehmen. Als Dank f\u00fcr seine T\u00e4tigkeit erhielt er ein Buch von <a href=\"http:\/\/www.derboell.de\">Florian B\u00f6ll<\/a>. Dar\u00fcber hinaus m\u00f6chten wir uns bei <a href=\"http:\/\/www.lichtrausch-fotografie.de\">Christine Kuncke<\/a> bedanken. Die Mainzer Fotografin hat f\u00fcr den F\u00f6rderkreis und die Schule das Portr\u00e4t von Carl von Ossietzky digital aufbereitet. Wir werden es sicher f\u00fcr weitere Werbematerialien von Schule und F\u00f6rderkreis nutzen k\u00f6nnen.<\/p>\n<p><img loading=\"lazy\" decoding=\"async\" class=\"aligncenter wp-image-538 size-large\" src=\"http:\/\/www.foerderkreis-cvo.de\/wp-content\/uploads\/Datei-09.05.17-22-33-21-e1494362750308-1024x768.jpeg\" alt=\"\" width=\"640\" height=\"480\" srcset=\"http:\/\/www.foerderkreis-cvo.de\/wp-content\/uploads\/Datei-09.05.17-22-33-21-e1494362750308-1024x768.jpeg 1024w, http:\/\/www.foerderkreis-cvo.de\/wp-content\/uploads\/Datei-09.05.17-22-33-21-e1494362750308-300x225.jpeg 300w, http:\/\/www.foerderkreis-cvo.de\/wp-content\/uploads\/Datei-09.05.17-22-33-21-e1494362750308-768x576.jpeg 768w\" sizes=\"auto, (max-width: 640px) 100vw, 640px\" \/><\/p>\n","protected":false},"excerpt":{"rendered":"<p>Die diesj\u00e4hrige Jahrshauptversammlung hat am 9. Mai in der Carl-von-Ossietzky Schule stattgefunden. Frau Heidi Erbe gibt nach langj\u00e4hriger T\u00e4tigkeit ihr Amt als Kassenpr\u00fcferin ab. Wir bedanken uns bei Heinrich Wolf und Dr. Bernd Schwarze, dass sie als Team diesen Posten &hellip; <a href=\"http:\/\/www.foerderkreis-cvo.de\/?p=536\">Weiterlesen <span class=\"meta-nav\">&rarr;<\/span><\/a><\/p>\n","protected":false},"author":1,"featured_media":0,"comment_status":"open","ping_status":"open","sticky":false,"template":"","format":"standard","meta":{"footnotes":""},"categories":[1],"tags":[],"class_list":["post-536","post","type-post","status-publish","format-standard","hentry","category-allgemein"],"_links":{"self":[{"href":"http:\/\/www.foerderkreis-cvo.de\/index.php?rest_route=\/wp\/v2\/posts\/536","targetHints":{"allow":["GET"]}}],"collection":[{"href":"http:\/\/www.foerderkreis-cvo.de\/index.php?rest_route=\/wp\/v2\/posts"}],"about":[{"href":"http:\/\/www.foerderkreis-cvo.de\/index.php?rest_route=\/wp\/v2\/types\/post"}],"author":[{"embeddable":true,"href":"http:\/\/www.foerderkreis-cvo.de\/index.php?rest_route=\/wp\/v2\/users\/1"}],"replies":[{"embeddable":true,"href":"http:\/\/www.foerderkreis-cvo.de\/index.php?rest_route=%2Fwp%2Fv2%2Fcomments&post=536"}],"version-history":[{"count":6,"href":"http:\/\/www.foerderkreis-cvo.de\/index.php?rest_route=\/wp\/v2\/posts\/536\/revisions"}],"predecessor-version":[{"id":544,"href":"http:\/\/www.foerderkreis-cvo.de\/index.php?rest_route=\/wp\/v2\/posts\/536\/revisions\/544"}],"wp:attachment":[{"href":"http:\/\/www.foerderkreis-cvo.de\/index.php?rest_route=%2Fwp%2Fv2%2Fmedia&parent=536"}],"wp:term":[{"taxonomy":"category","embeddable":true,"href":"http:\/\/www.foerderkreis-cvo.de\/index.php?rest_route=%2Fwp%2Fv2%2Fcategories&post=536"},{"taxonomy":"post_tag","embeddable":true,"href":"http:\/\/www.foerderkreis-cvo.de\/index.php?rest_route=%2Fwp%2Fv2%2Ftags&post=536"}],"curies":[{"name":"wp","href":"https:\/\/api.w.org\/{rel}","templated":true}]}}