{"id":530,"date":"2017-04-25T22:46:10","date_gmt":"2017-04-25T20:46:10","guid":{"rendered":"http:\/\/www.foerderkreis-cvo.de\/?p=530"},"modified":"2017-04-25T22:46:10","modified_gmt":"2017-04-25T20:46:10","slug":"cvo-bekommt-ihren-kopf-ossietzky-in-bronze","status":"publish","type":"post","link":"http:\/\/www.foerderkreis-cvo.de\/?p=530","title":{"rendered":"CvO bekommt \u201eIhren Kopf\u201c: Ossietzky in Bronze"},"content":{"rendered":"<p>Ossietzkys B\u00fcste kam am Freitag 24.3.17 an die CvO, der F\u00f6rderkreis hat die vollst\u00e4ndige Finanzierung \u00fcbernommen. Der Dank gilt auch SV, SEB und PR f\u00fcr die Begr\u00fc\u00dfung von K\u00fcnstler und Kunstwerk. Ein geeigneter Aufstellplatz muss noch gefunden werden \u2013 im Neubau wird dieser Kopf jedenfalls ein optimales Zuhause finden! Wir danken auch dem K\u00fcnstler Klaus Wolf Simon f\u00fcr das gute Angebot.<img loading=\"lazy\" decoding=\"async\" class=\"aligncenter size-large wp-image-532\" src=\"http:\/\/www.foerderkreis-cvo.de\/wp-content\/uploads\/170324-Bu\u0308ste-mit-Simon-909x1024.jpg\" alt=\"\" width=\"640\" height=\"721\" srcset=\"http:\/\/www.foerderkreis-cvo.de\/wp-content\/uploads\/170324-Bu\u0308ste-mit-Simon-909x1024.jpg 909w, http:\/\/www.foerderkreis-cvo.de\/wp-content\/uploads\/170324-Bu\u0308ste-mit-Simon-266x300.jpg 266w, http:\/\/www.foerderkreis-cvo.de\/wp-content\/uploads\/170324-Bu\u0308ste-mit-Simon-768x865.jpg 768w\" sizes=\"auto, (max-width: 640px) 100vw, 640px\" \/> <img loading=\"lazy\" decoding=\"async\" class=\"aligncenter wp-image-533 size-large\" src=\"http:\/\/www.foerderkreis-cvo.de\/wp-content\/uploads\/170324-Schulleiter-SV-Kolleginnen-Klaus-Wolf-Simon-SEB-bei-der-Bu\u0308ste-1024x768.jpg\" alt=\"\" width=\"640\" height=\"480\" srcset=\"http:\/\/www.foerderkreis-cvo.de\/wp-content\/uploads\/170324-Schulleiter-SV-Kolleginnen-Klaus-Wolf-Simon-SEB-bei-der-Bu\u0308ste-1024x768.jpg 1024w, http:\/\/www.foerderkreis-cvo.de\/wp-content\/uploads\/170324-Schulleiter-SV-Kolleginnen-Klaus-Wolf-Simon-SEB-bei-der-Bu\u0308ste-300x225.jpg 300w, http:\/\/www.foerderkreis-cvo.de\/wp-content\/uploads\/170324-Schulleiter-SV-Kolleginnen-Klaus-Wolf-Simon-SEB-bei-der-Bu\u0308ste-768x576.jpg 768w\" sizes=\"auto, (max-width: 640px) 100vw, 640px\" \/><\/p>\n","protected":false},"excerpt":{"rendered":"<p>Ossietzkys B\u00fcste kam am Freitag 24.3.17 an die CvO, der F\u00f6rderkreis hat die vollst\u00e4ndige Finanzierung \u00fcbernommen. Der Dank gilt auch SV, SEB und PR f\u00fcr die Begr\u00fc\u00dfung von K\u00fcnstler und Kunstwerk. Ein geeigneter Aufstellplatz muss noch gefunden werden \u2013 im &hellip; <a href=\"http:\/\/www.foerderkreis-cvo.de\/?p=530\">Weiterlesen <span class=\"meta-nav\">&rarr;<\/span><\/a><\/p>\n","protected":false},"author":1,"featured_media":0,"comment_status":"open","ping_status":"open","sticky":false,"template":"","format":"standard","meta":{"footnotes":""},"categories":[1,3],"tags":[],"class_list":["post-530","post","type-post","status-publish","format-standard","hentry","category-allgemein","category-schulerinnen"],"_links":{"self":[{"href":"http:\/\/www.foerderkreis-cvo.de\/index.php?rest_route=\/wp\/v2\/posts\/530","targetHints":{"allow":["GET"]}}],"collection":[{"href":"http:\/\/www.foerderkreis-cvo.de\/index.php?rest_route=\/wp\/v2\/posts"}],"about":[{"href":"http:\/\/www.foerderkreis-cvo.de\/index.php?rest_route=\/wp\/v2\/types\/post"}],"author":[{"embeddable":true,"href":"http:\/\/www.foerderkreis-cvo.de\/index.php?rest_route=\/wp\/v2\/users\/1"}],"replies":[{"embeddable":true,"href":"http:\/\/www.foerderkreis-cvo.de\/index.php?rest_route=%2Fwp%2Fv2%2Fcomments&post=530"}],"version-history":[{"count":2,"href":"http:\/\/www.foerderkreis-cvo.de\/index.php?rest_route=\/wp\/v2\/posts\/530\/revisions"}],"predecessor-version":[{"id":534,"href":"http:\/\/www.foerderkreis-cvo.de\/index.php?rest_route=\/wp\/v2\/posts\/530\/revisions\/534"}],"wp:attachment":[{"href":"http:\/\/www.foerderkreis-cvo.de\/index.php?rest_route=%2Fwp%2Fv2%2Fmedia&parent=530"}],"wp:term":[{"taxonomy":"category","embeddable":true,"href":"http:\/\/www.foerderkreis-cvo.de\/index.php?rest_route=%2Fwp%2Fv2%2Fcategories&post=530"},{"taxonomy":"post_tag","embeddable":true,"href":"http:\/\/www.foerderkreis-cvo.de\/index.php?rest_route=%2Fwp%2Fv2%2Ftags&post=530"}],"curies":[{"name":"wp","href":"https:\/\/api.w.org\/{rel}","templated":true}]}}