{"id":479,"date":"2017-01-24T18:17:46","date_gmt":"2017-01-24T16:17:46","guid":{"rendered":"http:\/\/www.foerderkreis-cvo.de\/?p=479"},"modified":"2017-01-25T21:46:26","modified_gmt":"2017-01-25T19:46:26","slug":"tag-der-offenen-tuer-2017","status":"publish","type":"post","link":"http:\/\/www.foerderkreis-cvo.de\/?p=479","title":{"rendered":"Tag der offenen T\u00fcr 2017"},"content":{"rendered":"<p>Am 21.1.2017 war es wieder soweit: Die CvO \u00f6ffnete Ihre T\u00fcren f\u00fcr alle Interessierten, Freunde der Schule und Eltern der Sch\u00fclerInnen. Lehrer, Sch\u00fcler und Schulleiter standen f\u00fcr Fragen bereit!<!--more-->Der F\u00f6rderkreis war nat\u00fcrlich auch vertreten um die neuen Flyer unter die Leute zu bringen und Spenden zu sammeln. Wir freuen uns dar\u00fcber, dass das Kuchenbuffet und der B\u00fccherstand des Elternbeirates so gut angenommen wurden. Unser Spendenergebnis m\u00fcssen wir n\u00e4chstes Jahr <em>leider<\/em> steigern. Aber es war ein sch\u00f6ner, gelungener Tag und eine hervorragende Werbung f\u00fcr die Schule.<\/p>\n<p>Weitere Bilder und Text finden Sie auf der <a href=\"http:\/\/cvo.wiesan.de\/cvocms\/index.php?mact=News,cntnt01,detail,0&amp;cntnt01articleid=504&amp;cntnt01origid=15&amp;cntnt01returnid=94\">Webseite der Schule<\/a>. Wir bedanken uns ausdr\u00fccklich bei allen Beteiligten f\u00fcr den gelungenen Tag!<\/p>\n<p>&nbsp;<\/p>\n<p>[supsystic-gallery id=2 position=center]<\/p>\n","protected":false},"excerpt":{"rendered":"<p>Am 21.1.2017 war es wieder soweit: Die CvO \u00f6ffnete Ihre T\u00fcren f\u00fcr alle Interessierten, Freunde der Schule und Eltern der Sch\u00fclerInnen. Lehrer, Sch\u00fcler und Schulleiter standen f\u00fcr Fragen bereit!<\/p>\n","protected":false},"author":1,"featured_media":0,"comment_status":"open","ping_status":"open","sticky":false,"template":"","format":"standard","meta":{"footnotes":""},"categories":[1],"tags":[],"class_list":["post-479","post","type-post","status-publish","format-standard","hentry","category-allgemein"],"_links":{"self":[{"href":"http:\/\/www.foerderkreis-cvo.de\/index.php?rest_route=\/wp\/v2\/posts\/479","targetHints":{"allow":["GET"]}}],"collection":[{"href":"http:\/\/www.foerderkreis-cvo.de\/index.php?rest_route=\/wp\/v2\/posts"}],"about":[{"href":"http:\/\/www.foerderkreis-cvo.de\/index.php?rest_route=\/wp\/v2\/types\/post"}],"author":[{"embeddable":true,"href":"http:\/\/www.foerderkreis-cvo.de\/index.php?rest_route=\/wp\/v2\/users\/1"}],"replies":[{"embeddable":true,"href":"http:\/\/www.foerderkreis-cvo.de\/index.php?rest_route=%2Fwp%2Fv2%2Fcomments&post=479"}],"version-history":[{"count":6,"href":"http:\/\/www.foerderkreis-cvo.de\/index.php?rest_route=\/wp\/v2\/posts\/479\/revisions"}],"predecessor-version":[{"id":503,"href":"http:\/\/www.foerderkreis-cvo.de\/index.php?rest_route=\/wp\/v2\/posts\/479\/revisions\/503"}],"wp:attachment":[{"href":"http:\/\/www.foerderkreis-cvo.de\/index.php?rest_route=%2Fwp%2Fv2%2Fmedia&parent=479"}],"wp:term":[{"taxonomy":"category","embeddable":true,"href":"http:\/\/www.foerderkreis-cvo.de\/index.php?rest_route=%2Fwp%2Fv2%2Fcategories&post=479"},{"taxonomy":"post_tag","embeddable":true,"href":"http:\/\/www.foerderkreis-cvo.de\/index.php?rest_route=%2Fwp%2Fv2%2Ftags&post=479"}],"curies":[{"name":"wp","href":"https:\/\/api.w.org\/{rel}","templated":true}]}}