{"id":449,"date":"2016-06-29T21:35:34","date_gmt":"2016-06-29T19:35:34","guid":{"rendered":"http:\/\/www.foerderkreis-cvo.de\/?p=449"},"modified":"2016-06-29T21:35:34","modified_gmt":"2016-06-29T19:35:34","slug":"unterstuetzungen","status":"publish","type":"post","link":"http:\/\/www.foerderkreis-cvo.de\/?p=449","title":{"rendered":"Unterst\u00fctzungen"},"content":{"rendered":"<p>In der letzten Zeit haben wir einige Aktivit\u00e4ten und Projekte der Schule unterst\u00fctzt. Wir m\u00f6chten uns an dieser Stelle auch f\u00fcr die gute Zusammenarbeit mit den KollegInnen des Cvo bedanken. Ohne die geleistete (Mehr-)Arbeit w\u00e4ren viele Aktionen nicht m\u00f6glich.<!--more-->Wir haben uns spontan entschieden neue Beamer f\u00fcr die Schule zu finanzieren. Zusammen mit den Whiteboards leisten Sie eine hervorragende Unterst\u00fctzung im Unterricht.<\/p>\n<p>Der Berufsinformationstag geh\u00f6rt schon seit <a href=\"http:\/\/www.foerderkreis-cvo.de\/wp-content\/uploads\/23.6.16-Berufsinfo-V.jpg\"><img loading=\"lazy\" decoding=\"async\" class=\"alignright wp-image-451 size-medium\" src=\"http:\/\/www.foerderkreis-cvo.de\/wp-content\/uploads\/23.6.16-Berufsinfo-V-300x169.jpg\" alt=\"Berufsinfortag\" width=\"300\" height=\"169\" \/><\/a>Jahren zum festen Bestandteil. \u00dcber 30 Berufsfelder standen den Sch\u00fclern zur Verf\u00fcgung. Der F\u00f6rderkreis freut sich dar\u00fcber Sekt, Selters und die Abschiedsrose \u00fcbernehmen zu d\u00fcrfen. Auch an dieser Stelle ein gro\u00dfer Dank an die Referenten!<\/p>\n<p><a href=\"http:\/\/www.foerderkreis-cvo.de\/wp-content\/uploads\/LK-Englisch-Fr.-Richter.jpg\"><img loading=\"lazy\" decoding=\"async\" class=\"size-medium wp-image-454 alignleft\" src=\"http:\/\/www.foerderkreis-cvo.de\/wp-content\/uploads\/LK-Englisch-Fr.-Richter-300x169.jpg\" alt=\"Abiball\" width=\"300\" height=\"169\" \/><\/a>Dar\u00fcber hinaus gratulieren wir allen Abiturienten! Der Abiball und das Abibuch wurden auch in diesem Jahr organisatorisch und finanziell vom F\u00f6rderkreis unterst\u00fctzt. Herzlichen Gl\u00fcckwunsch und alles gute auf dem weiteren Weg! Nat\u00fcrlich w\u00fcrden wir uns freuen alsbald ehemalige Sch\u00fcler als Mitglieder zu begr\u00fc\u00dfen.<\/p>\n<p>Dar\u00fcber hinaus haben wir in Zusammarbeit mit der Schule, nat\u00fcrlich dem Musik LK einen kleinen Anteil an der &#8222;schottischen Reise&#8220; mit Mitteln unterst\u00fctzen k\u00f6nnen.<\/p>\n<p><a href=\"http:\/\/www.foerderkreis-cvo.de\/wp-content\/uploads\/2016_10_06_Schottische_Reise_Plakat.jpg\"><img loading=\"lazy\" decoding=\"async\" class=\"aligncenter size-large wp-image-457\" src=\"http:\/\/www.foerderkreis-cvo.de\/wp-content\/uploads\/2016_10_06_Schottische_Reise_Plakat-724x1024.jpg\" alt=\"Schottische Reise\" width=\"640\" height=\"905\" \/><\/a><\/p>\n<p>&nbsp;<\/p>\n","protected":false},"excerpt":{"rendered":"<p>In der letzten Zeit haben wir einige Aktivit\u00e4ten und Projekte der Schule unterst\u00fctzt. Wir m\u00f6chten uns an dieser Stelle auch f\u00fcr die gute Zusammenarbeit mit den KollegInnen des Cvo bedanken. Ohne die geleistete (Mehr-)Arbeit w\u00e4ren viele Aktionen nicht m\u00f6glich.<\/p>\n","protected":false},"author":1,"featured_media":0,"comment_status":"open","ping_status":"open","sticky":false,"template":"","format":"standard","meta":{"footnotes":""},"categories":[1],"tags":[],"class_list":["post-449","post","type-post","status-publish","format-standard","hentry","category-allgemein"],"_links":{"self":[{"href":"http:\/\/www.foerderkreis-cvo.de\/index.php?rest_route=\/wp\/v2\/posts\/449","targetHints":{"allow":["GET"]}}],"collection":[{"href":"http:\/\/www.foerderkreis-cvo.de\/index.php?rest_route=\/wp\/v2\/posts"}],"about":[{"href":"http:\/\/www.foerderkreis-cvo.de\/index.php?rest_route=\/wp\/v2\/types\/post"}],"author":[{"embeddable":true,"href":"http:\/\/www.foerderkreis-cvo.de\/index.php?rest_route=\/wp\/v2\/users\/1"}],"replies":[{"embeddable":true,"href":"http:\/\/www.foerderkreis-cvo.de\/index.php?rest_route=%2Fwp%2Fv2%2Fcomments&post=449"}],"version-history":[{"count":5,"href":"http:\/\/www.foerderkreis-cvo.de\/index.php?rest_route=\/wp\/v2\/posts\/449\/revisions"}],"predecessor-version":[{"id":458,"href":"http:\/\/www.foerderkreis-cvo.de\/index.php?rest_route=\/wp\/v2\/posts\/449\/revisions\/458"}],"wp:attachment":[{"href":"http:\/\/www.foerderkreis-cvo.de\/index.php?rest_route=%2Fwp%2Fv2%2Fmedia&parent=449"}],"wp:term":[{"taxonomy":"category","embeddable":true,"href":"http:\/\/www.foerderkreis-cvo.de\/index.php?rest_route=%2Fwp%2Fv2%2Fcategories&post=449"},{"taxonomy":"post_tag","embeddable":true,"href":"http:\/\/www.foerderkreis-cvo.de\/index.php?rest_route=%2Fwp%2Fv2%2Ftags&post=449"}],"curies":[{"name":"wp","href":"https:\/\/api.w.org\/{rel}","templated":true}]}}